{"id":316,"date":"2024-03-20T14:06:16","date_gmt":"2024-03-20T14:06:16","guid":{"rendered":"https:\/\/www.hpvn-nordoberpfalz.de\/?p=316"},"modified":"2025-05-12T10:18:13","modified_gmt":"2025-05-12T10:18:13","slug":"netzwerk-jahrestreffen-20-03-2024","status":"publish","type":"post","link":"https:\/\/www.hpvn-nordoberpfalz.de\/index.php\/2024\/03\/20\/netzwerk-jahrestreffen-20-03-2024\/","title":{"rendered":"Netzwerk Jahrestreffen 2024"},"content":{"rendered":"<h2><strong>2. Jahrestreffen des Hospiz- und Palliativversorgungsnetzwerk Nordoberpfalz<\/strong><\/h2>\n<p>&nbsp;<\/p>\n<p>Am 20.03.2024 veranstaltete das Hospiz- und Palliativversorgungsnetzwerk Nordoberpfalz sein 2. Jahrestreffen f\u00fcr die Netzwerkmitglieder.<\/p>\n<p>Musikalisch umrahmt wurde die Veranstaltung von der Musikgruppe &#8222;HospizVeeh&#8217;n&#8220; vom ambulanten Hospizdienst des Caritasverbandes f\u00fcr den Landkreis Tirschenreuth.<\/p>\n<div id=\"attachment_346\" style=\"width: 310px\" class=\"wp-caption alignnone\"><img loading=\"lazy\" decoding=\"async\" aria-describedby=\"caption-attachment-346\" class=\"wp-image-346 size-medium\" src=\"https:\/\/www.hpvn-nordoberpfalz.de\/wp-content\/uploads\/2024\/02\/HospizVeehn-e1711458246740-300x116.jpeg\" alt=\"\" width=\"300\" height=\"116\" srcset=\"https:\/\/www.hpvn-nordoberpfalz.de\/wp-content\/uploads\/2024\/02\/HospizVeehn-e1711458246740-300x116.jpeg 300w, https:\/\/www.hpvn-nordoberpfalz.de\/wp-content\/uploads\/2024\/02\/HospizVeehn-e1711458246740-1024x396.jpeg 1024w, https:\/\/www.hpvn-nordoberpfalz.de\/wp-content\/uploads\/2024\/02\/HospizVeehn-e1711458246740-768x297.jpeg 768w, https:\/\/www.hpvn-nordoberpfalz.de\/wp-content\/uploads\/2024\/02\/HospizVeehn-e1711458246740-1536x594.jpeg 1536w, https:\/\/www.hpvn-nordoberpfalz.de\/wp-content\/uploads\/2024\/02\/HospizVeehn-e1711458246740.jpeg 1836w\" sizes=\"auto, (max-width: 300px) 100vw, 300px\" \/><p id=\"caption-attachment-346\" class=\"wp-caption-text\">HospizVeeh&#8217;n des ambulanten Hospizdienst des Caritasverbands Tirschenreuth unter der Leitung von Gabi Saller, Foto: Bernd Lober<\/p><\/div>\n<p>Landrat Roland Grillmeier hie\u00df alle Netzwerkmitglieder herzlich Willkommen und bedankte sich im Namen der Kommunalpolitik f\u00fcr die wertvolle Arbeit.<\/p>\n<p>Das HPVN Nordoberpfalz besteht seit zwei Jahren, seitdem ist das Netzwerk weiter gewachsen. Die sechs neuen Netzwerkmitglieder unterzeichneten gemeinsam die Charta f\u00fcr schwerstkranke und sterbende Menschen in Deutschland.<\/p>\n<div id=\"attachment_342\" style=\"width: 310px\" class=\"wp-caption alignnone\"><img loading=\"lazy\" decoding=\"async\" aria-describedby=\"caption-attachment-342\" class=\"wp-image-342 size-medium\" src=\"https:\/\/www.hpvn-nordoberpfalz.de\/wp-content\/uploads\/2024\/02\/Foto-Unterschrift-Charta-300x225.jpeg\" alt=\"\" width=\"300\" height=\"225\" srcset=\"https:\/\/www.hpvn-nordoberpfalz.de\/wp-content\/uploads\/2024\/02\/Foto-Unterschrift-Charta-300x225.jpeg 300w, https:\/\/www.hpvn-nordoberpfalz.de\/wp-content\/uploads\/2024\/02\/Foto-Unterschrift-Charta-1024x768.jpeg 1024w, https:\/\/www.hpvn-nordoberpfalz.de\/wp-content\/uploads\/2024\/02\/Foto-Unterschrift-Charta-768x576.jpeg 768w, https:\/\/www.hpvn-nordoberpfalz.de\/wp-content\/uploads\/2024\/02\/Foto-Unterschrift-Charta-1536x1152.jpeg 1536w, https:\/\/www.hpvn-nordoberpfalz.de\/wp-content\/uploads\/2024\/02\/Foto-Unterschrift-Charta.jpeg 1920w\" sizes=\"auto, (max-width: 300px) 100vw, 300px\" \/><p id=\"caption-attachment-342\" class=\"wp-caption-text\">Unterzeichnung Charta. Von links: Landrat Roland Grillmeier, Johannes Gro\u00dfmann, Angelika Landgraf, Daniela Haas, Daniela Peintinger, Erika Schmid, Doris Wagner-Zeeh, Reinhold Wildenauer Foto: Bernd Lober<\/p><\/div>\n<p>&nbsp;<\/p>\n<p>Die Netzwerkkoordinatorin Doris Wagner-Zeeh stellte die Netzwerkarbeit 2023 vor und gab einen Ausblick auf die geplanten Projekte 2024.<\/p>\n<p>Martin Kneidl, Gesch\u00e4ftsf\u00fchrer des Caritasverbands f\u00fcr den Landkreis Tirschenreuth und Sprecher des Steuerungskreises des HPVN Netzwerks, informierte \u00fcber die Arbeit des Steuerungskreises und bedankte sich bei den drei Gebietsk\u00f6rperschaften Landkreis Neustadt an der Waldnaab, Landkreis Tirschenreuth und der Stadt Weiden in der Oberpfalz f\u00fcr die finanzielle F\u00f6rderung.<\/p>\n<div id=\"attachment_348\" style=\"width: 235px\" class=\"wp-caption alignnone\"><img loading=\"lazy\" decoding=\"async\" aria-describedby=\"caption-attachment-348\" class=\"wp-image-348 size-medium\" src=\"https:\/\/www.hpvn-nordoberpfalz.de\/wp-content\/uploads\/2024\/02\/Foto-Martin-Kneidl-225x300.jpeg\" alt=\"\" width=\"225\" height=\"300\" srcset=\"https:\/\/www.hpvn-nordoberpfalz.de\/wp-content\/uploads\/2024\/02\/Foto-Martin-Kneidl-225x300.jpeg 225w, https:\/\/www.hpvn-nordoberpfalz.de\/wp-content\/uploads\/2024\/02\/Foto-Martin-Kneidl-768x1024.jpeg 768w, https:\/\/www.hpvn-nordoberpfalz.de\/wp-content\/uploads\/2024\/02\/Foto-Martin-Kneidl-1152x1536.jpeg 1152w, https:\/\/www.hpvn-nordoberpfalz.de\/wp-content\/uploads\/2024\/02\/Foto-Martin-Kneidl.jpeg 1440w\" sizes=\"auto, (max-width: 225px) 100vw, 225px\" \/><p id=\"caption-attachment-348\" class=\"wp-caption-text\">Martin Kneidl, Gesch\u00e4ftsf\u00fchrer Caritasverband f\u00fcr den Landkreis Tirschenreuth, Foto: Bernd Lober<\/p><\/div>\n<p>Eileen Fiddelke, Notfallsanit\u00e4terin beim BRK Kreisverband Tirschenreuth stellte ihre herausragende Arbeit in der Psychosozialen Notfallversorgung vor.<\/p>\n<div id=\"attachment_350\" style=\"width: 235px\" class=\"wp-caption alignnone\"><img loading=\"lazy\" decoding=\"async\" aria-describedby=\"caption-attachment-350\" class=\"wp-image-350 size-medium\" src=\"https:\/\/www.hpvn-nordoberpfalz.de\/wp-content\/uploads\/2024\/02\/Foto-Eileen-Fiddelke-225x300.jpeg\" alt=\"\" width=\"225\" height=\"300\" srcset=\"https:\/\/www.hpvn-nordoberpfalz.de\/wp-content\/uploads\/2024\/02\/Foto-Eileen-Fiddelke-225x300.jpeg 225w, https:\/\/www.hpvn-nordoberpfalz.de\/wp-content\/uploads\/2024\/02\/Foto-Eileen-Fiddelke-768x1024.jpeg 768w, https:\/\/www.hpvn-nordoberpfalz.de\/wp-content\/uploads\/2024\/02\/Foto-Eileen-Fiddelke-1152x1536.jpeg 1152w, https:\/\/www.hpvn-nordoberpfalz.de\/wp-content\/uploads\/2024\/02\/Foto-Eileen-Fiddelke.jpeg 1440w\" sizes=\"auto, (max-width: 225px) 100vw, 225px\" \/><p id=\"caption-attachment-350\" class=\"wp-caption-text\">Eileen Fiddelke, Notfallsanit\u00e4terin beim BRK Kreisverband Tirschenreuth, Foto: Bernd Lober<\/p><\/div>\n<p>Zum Beitrag des Oberpfalzechos:<\/p>\n<div class=\"BorlabsCookie _brlbs-cb-default\">\n<div class=\"_brlbs-content-blocker\">\n<div class=\"_brlbs-default\">\n<p>Klicken Sie auf den unteren Button, um den Inhalt von www.oberpfalzecho.de zu laden.<\/p>\n<p><a class=\"_brlbs-btn\" href=\"#\" data-borlabs-cookie-unblock role=\"button\">Inhalt laden<\/a><\/p>\n<\/p><\/div><\/div>\n<div class=\"borlabs-hide\" data-borlabs-cookie-type=\"content-blocker\" data-borlabs-cookie-id=\"default\"><script type=\"text\/template\">PGJsb2NrcXVvdGUgY2xhc3M9IndwLWVtYmVkZGVkLWNvbnRlbnQiIGRhdGEtc2VjcmV0PSJsbWRzdVIxTjZsIj48YSBocmVmPSJodHRwczovL3d3dy5vYmVycGZhbHplY2hvLmRlL2JlaXRyYWcvZXJmb2xncmVpY2hlcy0yLWphaHJlc3RyZWZmZW4tZGVzLWhvc3Bpei11bmQtcGFsbGlhdGl2dmVyc29yZ3VuZ3NuZXR6d2Vya3Mtbm9yZG9iZXJwZmFseiI+RXJmb2xncmVpY2hlcyAyLiBKYWhyZXN0cmVmZmVuIGRlcyBIb3NwaXotIHVuZCBQYWxsaWF0aXZ2ZXJzb3JndW5nc25ldHp3ZXJrcyBOb3Jkb2JlcnBmYWx6PC9hPjwvYmxvY2txdW90ZT48aWZyYW1lIGNsYXNzPSJ3cC1lbWJlZGRlZC1jb250ZW50IiBzYW5kYm94PSJhbGxvdy1zY3JpcHRzIiBzZWN1cml0eT0icmVzdHJpY3RlZCIgc3R5bGU9InBvc2l0aW9uOiBhYnNvbHV0ZTsgY2xpcDogcmVjdCgxcHgsIDFweCwgMXB4LCAxcHgpOyIgdGl0bGU9IiYjODIyMjtFcmZvbGdyZWljaGVzIDIuIEphaHJlc3RyZWZmZW4gZGVzIEhvc3Bpei0gdW5kIFBhbGxpYXRpdnZlcnNvcmd1bmdzbmV0endlcmtzIE5vcmRvYmVycGZhbHomIzgyMjA7ICYjODIxMjsgT2JlcnBmYWx6RUNITyIgc3JjPSJodHRwczovL3d3dy5vYmVycGZhbHplY2hvLmRlL2JlaXRyYWcvZXJmb2xncmVpY2hlcy0yLWphaHJlc3RyZWZmZW4tZGVzLWhvc3Bpei11bmQtcGFsbGlhdGl2dmVyc29yZ3VuZ3NuZXR6d2Vya3Mtbm9yZG9iZXJwZmFsei9lbWJlZCM\/c2VjcmV0PUt2MjluRTJOR0ojP3NlY3JldD1sbWRzdVIxTjZsIiBkYXRhLXNlY3JldD0ibG1kc3VSMU42bCIgd2lkdGg9IjYwMCIgaGVpZ2h0PSIzMzgiIGZyYW1lYm9yZGVyPSIwIiBtYXJnaW53aWR0aD0iMCIgbWFyZ2luaGVpZ2h0PSIwIiBzY3JvbGxpbmc9Im5vIj48L2lmcmFtZT4=<\/script><\/div>\n<\/div>\n","protected":false},"excerpt":{"rendered":"<p>2. Jahrestreffen des Hospiz- und Palliativversorgungsnetzwerk Nordoberpfalz &nbsp; Am 20.03.2024 veranstaltete das Hospiz- und Palliativversorgungsnetzwerk Nordoberpfalz sein 2. Jahrestreffen f\u00fcr die Netzwerkmitglieder. Musikalisch umrahmt wurde die Veranstaltung von der Musikgruppe &#8222;HospizVeeh&#8217;n&#8220; vom ambulanten Hospizdienst des Caritasverbandes f\u00fcr den Landkreis Tirschenreuth. Landrat Roland Grillmeier hie\u00df alle Netzwerkmitglieder herzlich Willkommen und bedankte sich im Namen der Kommunalpolitik&hellip;<\/p>\n","protected":false},"author":5,"featured_media":343,"comment_status":"closed","ping_status":"closed","sticky":false,"template":"","format":"standard","meta":{"footnotes":""},"categories":[11],"tags":[],"class_list":["post-316","post","type-post","status-publish","format-standard","has-post-thumbnail","hentry","category-unsere-aktionen-2024","category-11","description-off"],"_links":{"self":[{"href":"https:\/\/www.hpvn-nordoberpfalz.de\/index.php\/wp-json\/wp\/v2\/posts\/316","targetHints":{"allow":["GET"]}}],"collection":[{"href":"https:\/\/www.hpvn-nordoberpfalz.de\/index.php\/wp-json\/wp\/v2\/posts"}],"about":[{"href":"https:\/\/www.hpvn-nordoberpfalz.de\/index.php\/wp-json\/wp\/v2\/types\/post"}],"author":[{"embeddable":true,"href":"https:\/\/www.hpvn-nordoberpfalz.de\/index.php\/wp-json\/wp\/v2\/users\/5"}],"replies":[{"embeddable":true,"href":"https:\/\/www.hpvn-nordoberpfalz.de\/index.php\/wp-json\/wp\/v2\/comments?post=316"}],"version-history":[{"count":12,"href":"https:\/\/www.hpvn-nordoberpfalz.de\/index.php\/wp-json\/wp\/v2\/posts\/316\/revisions"}],"predecessor-version":[{"id":358,"href":"https:\/\/www.hpvn-nordoberpfalz.de\/index.php\/wp-json\/wp\/v2\/posts\/316\/revisions\/358"}],"wp:featuredmedia":[{"embeddable":true,"href":"https:\/\/www.hpvn-nordoberpfalz.de\/index.php\/wp-json\/wp\/v2\/media\/343"}],"wp:attachment":[{"href":"https:\/\/www.hpvn-nordoberpfalz.de\/index.php\/wp-json\/wp\/v2\/media?parent=316"}],"wp:term":[{"taxonomy":"category","embeddable":true,"href":"https:\/\/www.hpvn-nordoberpfalz.de\/index.php\/wp-json\/wp\/v2\/categories?post=316"},{"taxonomy":"post_tag","embeddable":true,"href":"https:\/\/www.hpvn-nordoberpfalz.de\/index.php\/wp-json\/wp\/v2\/tags?post=316"}],"curies":[{"name":"wp","href":"https:\/\/api.w.org\/{rel}","templated":true}]}}