{"id":469,"date":"2025-05-21T08:48:56","date_gmt":"2025-05-21T08:48:56","guid":{"rendered":"https:\/\/www.hpvn-nordoberpfalz.de\/?p=469"},"modified":"2025-05-27T08:59:08","modified_gmt":"2025-05-27T08:59:08","slug":"hospiz-und-palliativnetzwerk-nimmt-zukuenftigen-pflegefachkraeften-aengste-und-unsicherheiten-im-umgang-mit-sterben-und-tod","status":"publish","type":"post","link":"https:\/\/www.hpvn-nordoberpfalz.de\/index.php\/2025\/05\/21\/hospiz-und-palliativnetzwerk-nimmt-zukuenftigen-pflegefachkraeften-aengste-und-unsicherheiten-im-umgang-mit-sterben-und-tod\/","title":{"rendered":"Hospiz &#8211; und Palliativnetzwerk nimmt zuk\u00fcnftigen Pflegefachkr\u00e4ften \u00c4ngste und Unsicherheiten im Umgang mit Sterben und Tod"},"content":{"rendered":"<p>Das Hospiz- und Palliativ Nordoberpfalz hat in Zusammenarbeit mit der Pflegeschule NEW Life ein tolles Projekt auf die Beine gestellt um das Thema \u201eSterben und Tod\u201c den jungen Pflegesch\u00fclern n\u00e4her zu bringen.<\/p>\n<p>Wie Schulleiter bei der gemeinsamen Begr\u00fc\u00dfung beider Klassen am Dienstag den 22. April sagte: \u201eNehmt so viel wie m\u00f6glich in den n\u00e4chsten 4 Tagen mit und traut euch in den Austausch zu gehen und Tipps von den Experten rund um dieses Thema anzunehmen. Die n\u00e4chsten Tage sind nur f\u00fcr euch und wir haben die Zeit und den gesch\u00fctzten Raum f\u00fcr dieses oftmals sensible Thema.\u201c<\/p>\n<div id=\"attachment_482\" style=\"width: 310px\" class=\"wp-caption alignnone\"><img loading=\"lazy\" decoding=\"async\" aria-describedby=\"caption-attachment-482\" class=\"size-medium wp-image-482\" src=\"https:\/\/www.hpvn-nordoberpfalz.de\/wp-content\/uploads\/2025\/05\/Abschlussreflektion-300x163.jpg\" alt=\"\" width=\"300\" height=\"163\" srcset=\"https:\/\/www.hpvn-nordoberpfalz.de\/wp-content\/uploads\/2025\/05\/Abschlussreflektion-300x163.jpg 300w, https:\/\/www.hpvn-nordoberpfalz.de\/wp-content\/uploads\/2025\/05\/Abschlussreflektion.jpg 631w\" sizes=\"auto, (max-width: 300px) 100vw, 300px\" \/><p id=\"caption-attachment-482\" class=\"wp-caption-text\">Akademie f\u00fcr Gesundheit &#8211; NEW LIFE<\/p><\/div>\n<p>Zum Einstieg in das Projekt begr\u00fc\u00dften die beiden Klassen die Koordinatorin des Netzwerks Frau Julia Meyer sowie eine der Lehrerinnen an der Pflegeschule Frau Fenzl. Frau Fenzl betonte, dass dieses Projekt ein Angebot sei, und sich niemand zu irgendetwas gezwungen f\u00fchlen sollte, wenn das Thema zu emotional wird, sei jedem die Option frei, kurz zu gehen oder es direkt zu sagen wenn was zu tief gehen sollte.<\/p>\n<p>Frau Meyer stellte alle Referenten vor, das SAPV Team, die Palliativstation Weiden, den ambulanten Hospizdienst der Caritas in Tirschenreuth, den ambulanten Hospizdienst der Malteser in Neustadt sowie, den Bunten Kreis Nordoberpfalz und das station\u00e4re Hospiz St. Felix in Neustadt.<\/p>\n<p>Frau Meyer betonte wie wichtig ihr es auch pers\u00f6nlich sei, dass die Auszubildenden diese Themen die n\u00e4chsten Tage erarbeiten, es darf nicht sein dass sich eine zuk\u00fcnftige Pflegekraft davor f\u00fcrchten m\u00fcsse in Kontakt mit sterbenden Menschen zu treten.<\/p>\n<div id=\"attachment_481\" style=\"width: 310px\" class=\"wp-caption alignnone\"><img loading=\"lazy\" decoding=\"async\" aria-describedby=\"caption-attachment-481\" class=\"size-medium wp-image-481\" src=\"https:\/\/www.hpvn-nordoberpfalz.de\/wp-content\/uploads\/2025\/05\/Abschlussreflektion-22-300x225.jpg\" alt=\"\" width=\"300\" height=\"225\" srcset=\"https:\/\/www.hpvn-nordoberpfalz.de\/wp-content\/uploads\/2025\/05\/Abschlussreflektion-22-300x225.jpg 300w, https:\/\/www.hpvn-nordoberpfalz.de\/wp-content\/uploads\/2025\/05\/Abschlussreflektion-22-768x576.jpg 768w, https:\/\/www.hpvn-nordoberpfalz.de\/wp-content\/uploads\/2025\/05\/Abschlussreflektion-22.jpg 1000w\" sizes=\"auto, (max-width: 300px) 100vw, 300px\" \/><p id=\"caption-attachment-481\" class=\"wp-caption-text\">Akademie f\u00fcr Gesundheit &#8211; NEW LIFE<\/p><\/div>\n<p>Unter anderen wurden von Dienstag bis Freitag Themen wie, Selbstpflege, der eigene Umgang mit dem Thema Sterben und Tod, Sterbebegleitung, Trauerarbeit, die Kommunikation mit Sterbenden, Aromapflege, Basiswissen palliative Pflege sowie Praxisbeispiele besprochen und erarbeitet. Auch F\u00fchrungen seitens der Palliativstation Weiden durch Frau Dr. Kuchlbauer sowie des Hospizes St. Felix durch die Leitung Frau Wagner wurden durchgef\u00fchrt.<\/p>\n<div id=\"attachment_487\" style=\"width: 310px\" class=\"wp-caption alignnone\"><img loading=\"lazy\" decoding=\"async\" aria-describedby=\"caption-attachment-487\" class=\"size-medium wp-image-487\" src=\"https:\/\/www.hpvn-nordoberpfalz.de\/wp-content\/uploads\/2025\/05\/Dr.-Pickert-2-300x123.jpg\" alt=\"\" width=\"300\" height=\"123\" srcset=\"https:\/\/www.hpvn-nordoberpfalz.de\/wp-content\/uploads\/2025\/05\/Dr.-Pickert-2-300x123.jpg 300w, https:\/\/www.hpvn-nordoberpfalz.de\/wp-content\/uploads\/2025\/05\/Dr.-Pickert-2-1024x420.jpg 1024w, https:\/\/www.hpvn-nordoberpfalz.de\/wp-content\/uploads\/2025\/05\/Dr.-Pickert-2-768x315.jpg 768w, https:\/\/www.hpvn-nordoberpfalz.de\/wp-content\/uploads\/2025\/05\/Dr.-Pickert-2-1536x630.jpg 1536w, https:\/\/www.hpvn-nordoberpfalz.de\/wp-content\/uploads\/2025\/05\/Dr.-Pickert-2.jpg 1920w\" sizes=\"auto, (max-width: 300px) 100vw, 300px\" \/><p id=\"caption-attachment-487\" class=\"wp-caption-text\">Akademie f\u00fcr Gesundheit &#8211; NEW LIFE<\/p><\/div>\n<p>&nbsp;<\/p>\n<div id=\"attachment_484\" style=\"width: 310px\" class=\"wp-caption alignnone\"><img loading=\"lazy\" decoding=\"async\" aria-describedby=\"caption-attachment-484\" class=\"size-medium wp-image-484\" src=\"https:\/\/www.hpvn-nordoberpfalz.de\/wp-content\/uploads\/2025\/05\/Amb.-Hospizdienst-_Malteser-WEN-300x182.jpg\" alt=\"\" width=\"300\" height=\"182\" srcset=\"https:\/\/www.hpvn-nordoberpfalz.de\/wp-content\/uploads\/2025\/05\/Amb.-Hospizdienst-_Malteser-WEN-300x182.jpg 300w, https:\/\/www.hpvn-nordoberpfalz.de\/wp-content\/uploads\/2025\/05\/Amb.-Hospizdienst-_Malteser-WEN-768x467.jpg 768w, https:\/\/www.hpvn-nordoberpfalz.de\/wp-content\/uploads\/2025\/05\/Amb.-Hospizdienst-_Malteser-WEN.jpg 958w\" sizes=\"auto, (max-width: 300px) 100vw, 300px\" \/><p id=\"caption-attachment-484\" class=\"wp-caption-text\">Akademie f\u00fcr Gesundheit &#8211; NEW LIFE<\/p><\/div>\n<p>Die Sch\u00fcler konnten wertvolle Einblicke in die Arbeit und die T\u00e4tigkeiten der verschiedenen Institutionen gewinnen und so ihre fachlichen Kompetenzen st\u00e4rken. Ziel ist es mit diesen sensiblem Thema besser umzugehen und sicherer zu werden, Ber\u00fchrungs\u00e4ngste zu nehmen, was sie in ihrer beruflichen wie auch pers\u00f6nlichen Weiterentwicklung nachhaltig st\u00e4rkt.<\/p>\n<p>Am Freitag den letzten Tag der Projektwoche, trafen sich beide Klassen erneut im Eingangsbereich wieder und blickten auf die vergangenen Tage zur\u00fcck. In einer Reflexionsrunde die Frau Meyer und Frau Peintinger vorbereitet hatten, wurden die Sch\u00fcler gefragt wie sie das Projekt bewerteten und wie sich der Blick auf die Themenbereiche ver\u00e4ndert hat. Die Pflegesch\u00fcler w\u00fcnschten sich vor allem mehr aus dem Bereich Kinder- und Jungendtrauerarbeit.<\/p>\n<div id=\"attachment_472\" style=\"width: 310px\" class=\"wp-caption alignnone\"><img loading=\"lazy\" decoding=\"async\" aria-describedby=\"caption-attachment-472\" class=\"size-medium wp-image-472\" src=\"https:\/\/www.hpvn-nordoberpfalz.de\/wp-content\/uploads\/2025\/05\/Abschlussreflektion-3-300x156.jpg\" alt=\"\" width=\"300\" height=\"156\" srcset=\"https:\/\/www.hpvn-nordoberpfalz.de\/wp-content\/uploads\/2025\/05\/Abschlussreflektion-3-300x156.jpg 300w, https:\/\/www.hpvn-nordoberpfalz.de\/wp-content\/uploads\/2025\/05\/Abschlussreflektion-3-768x399.jpg 768w, https:\/\/www.hpvn-nordoberpfalz.de\/wp-content\/uploads\/2025\/05\/Abschlussreflektion-3.jpg 991w\" sizes=\"auto, (max-width: 300px) 100vw, 300px\" \/><p id=\"caption-attachment-472\" class=\"wp-caption-text\">Akademie f\u00fcr Gesundheit &#8211; NEW LIFE<\/p><\/div>\n<p>Das Netzwerk plant gemeinsam mit der Schule ein Aufbaumodul, welches n\u00e4chstes Jahr startet. Die Planungen hier laufen bereits.<\/p>\n<p>Abschlie\u00dfend sollten die Sch\u00fcler eine Kerze mit Botschaft gestalten welche sie zum Andenken an die letzten Tage mitnehmen durften. Nach einem gemeinsamen Zusammensitzen mit Kaffee und Kuchen und Gespr\u00e4chen, beendete der Schulleiter Herr Dumler die Projekt Woche und bedankte sich bei allen Mitwirkenden f\u00fcr die Planung und Umsetzung.<\/p>\n<p>&nbsp;<\/p>\n<p>&nbsp;<\/p>\n<p>Beitrag bei OberpfalzECHO: <a href=\"https:\/\/www.oberpfalzecho.de\/beitrag\/neustadt-projekt-bereitet-pflegeschueler-auf-hospizarbeit-vor\" target=\"_blank\" rel=\"noopener\">https:\/\/www.oberpfalzecho.de\/beitrag\/neustadt-projekt-bereitet-pflegeschueler-auf-hospizarbeit-vor\u00a0 <\/a>Quelle: (OberpfalzECHO)<\/p>\n","protected":false},"excerpt":{"rendered":"<p>Das Hospiz- und Palliativ Nordoberpfalz hat in Zusammenarbeit mit der Pflegeschule NEW Life ein tolles Projekt auf die Beine gestellt um das Thema \u201eSterben und Tod\u201c den jungen Pflegesch\u00fclern n\u00e4her zu bringen. Wie Schulleiter bei der gemeinsamen Begr\u00fc\u00dfung beider Klassen am Dienstag den 22. April sagte: \u201eNehmt so viel wie m\u00f6glich in den n\u00e4chsten 4&hellip;<\/p>\n","protected":false},"author":6,"featured_media":472,"comment_status":"closed","ping_status":"closed","sticky":false,"template":"","format":"standard","meta":{"footnotes":""},"categories":[13],"tags":[],"class_list":["post-469","post","type-post","status-publish","format-standard","has-post-thumbnail","hentry","category-unsere-aktionen-2025","category-13","description-off"],"_links":{"self":[{"href":"https:\/\/www.hpvn-nordoberpfalz.de\/index.php\/wp-json\/wp\/v2\/posts\/469","targetHints":{"allow":["GET"]}}],"collection":[{"href":"https:\/\/www.hpvn-nordoberpfalz.de\/index.php\/wp-json\/wp\/v2\/posts"}],"about":[{"href":"https:\/\/www.hpvn-nordoberpfalz.de\/index.php\/wp-json\/wp\/v2\/types\/post"}],"author":[{"embeddable":true,"href":"https:\/\/www.hpvn-nordoberpfalz.de\/index.php\/wp-json\/wp\/v2\/users\/6"}],"replies":[{"embeddable":true,"href":"https:\/\/www.hpvn-nordoberpfalz.de\/index.php\/wp-json\/wp\/v2\/comments?post=469"}],"version-history":[{"count":6,"href":"https:\/\/www.hpvn-nordoberpfalz.de\/index.php\/wp-json\/wp\/v2\/posts\/469\/revisions"}],"predecessor-version":[{"id":529,"href":"https:\/\/www.hpvn-nordoberpfalz.de\/index.php\/wp-json\/wp\/v2\/posts\/469\/revisions\/529"}],"wp:featuredmedia":[{"embeddable":true,"href":"https:\/\/www.hpvn-nordoberpfalz.de\/index.php\/wp-json\/wp\/v2\/media\/472"}],"wp:attachment":[{"href":"https:\/\/www.hpvn-nordoberpfalz.de\/index.php\/wp-json\/wp\/v2\/media?parent=469"}],"wp:term":[{"taxonomy":"category","embeddable":true,"href":"https:\/\/www.hpvn-nordoberpfalz.de\/index.php\/wp-json\/wp\/v2\/categories?post=469"},{"taxonomy":"post_tag","embeddable":true,"href":"https:\/\/www.hpvn-nordoberpfalz.de\/index.php\/wp-json\/wp\/v2\/tags?post=469"}],"curies":[{"name":"wp","href":"https:\/\/api.w.org\/{rel}","templated":true}]}}